{"id":1434,"date":"2021-01-25T23:39:00","date_gmt":"2021-01-25T23:39:00","guid":{"rendered":"https:\/\/ufcq.com.pt\/wp-usc\/?p=1434"},"modified":"2021-02-07T23:43:36","modified_gmt":"2021-02-07T23:43:36","slug":"1o-aniversario-da-uscqal","status":"publish","type":"post","link":"https:\/\/ufcq.com.pt\/wp-usc\/2021\/01\/25\/1o-aniversario-da-uscqal\/","title":{"rendered":"8\u00ba Anivers\u00e1rio da USCQAL"},"content":{"rendered":"\n<p>Encontro online com depoimentos\/discuss\u00f5es dos presentes sobre a import\u00e2ncia da USCQAL e apresenta\u00e7\u00e3o de um v\u00eddeo com recorda\u00e7\u00f5es de algumas atividades de anos anteriores.<\/p>\n\n\n\n<div class=\"wp-block-columns is-layout-flex wp-container-core-columns-is-layout-2 wp-block-columns-is-layout-flex\">\n<div class=\"wp-block-column is-layout-flow wp-block-column-is-layout-flow\" style=\"flex-basis:100%\">\n<div class=\"wp-block-group\"><div class=\"wp-block-group__inner-container is-layout-flow wp-block-group-is-layout-flow\">\n<div class=\"wp-block-columns is-layout-flex wp-container-core-columns-is-layout-1 wp-block-columns-is-layout-flex\">\n<div class=\"wp-block-column is-layout-flow wp-block-column-is-layout-flow\" style=\"flex-basis:100%\">\n<p>O evento terminou com um brinde de parab\u00e9ns \u00e0 universidade.<\/p>\n<\/div>\n<\/div>\n<\/div><\/div>\n<\/div>\n<\/div>\n\n\n\n<figure class=\"wp-block-video\"><\/figure>\n\n\n\n<p><\/p>\n","protected":false},"excerpt":{"rendered":"<p>Encontro online com depoimentos\/discuss\u00f5es dos presentes sobre a import\u00e2ncia da USCQAL e apresenta\u00e7\u00e3o de um v\u00eddeo com recorda\u00e7\u00f5es de algumas atividades de anos anteriores. O evento terminou com um brinde de parab\u00e9ns \u00e0 universidade.<\/p>\n","protected":false},"author":1,"featured_media":1398,"comment_status":"closed","ping_status":"closed","sticky":false,"template":"","format":"gallery","meta":{"site-sidebar-layout":"default","site-content-layout":"default","ast-site-content-layout":"","site-content-style":"default","site-sidebar-style":"default","ast-global-header-display":"","ast-banner-title-visibility":"","ast-main-header-display":"","ast-hfb-above-header-display":"","ast-hfb-below-header-display":"","ast-hfb-mobile-header-display":"","site-post-title":"","ast-breadcrumbs-content":"","ast-featured-img":"","footer-sml-layout":"","theme-transparent-header-meta":"default","adv-header-id-meta":"","stick-header-meta":"","header-above-stick-meta":"","header-main-stick-meta":"","header-below-stick-meta":"","astra-migrate-meta-layouts":"default","ast-page-background-enabled":"default","ast-page-background-meta":{"desktop":{"background-color":"","background-image":"","background-repeat":"repeat","background-position":"center center","background-size":"auto","background-attachment":"scroll","background-type":"","background-media":"","overlay-type":"","overlay-color":"","overlay-opacity":"","overlay-gradient":""},"tablet":{"background-color":"","background-image":"","background-repeat":"repeat","background-position":"center center","background-size":"auto","background-attachment":"scroll","background-type":"","background-media":"","overlay-type":"","overlay-color":"","overlay-opacity":"","overlay-gradient":""},"mobile":{"background-color":"","background-image":"","background-repeat":"repeat","background-position":"center center","background-size":"auto","background-attachment":"scroll","background-type":"","background-media":"","overlay-type":"","overlay-color":"","overlay-opacity":"","overlay-gradient":""}},"ast-content-background-meta":{"desktop":{"background-color":"var(--ast-global-color-5)","background-image":"","background-repeat":"repeat","background-position":"center center","background-size":"auto","background-attachment":"scroll","background-type":"","background-media":"","overlay-type":"","overlay-color":"","overlay-opacity":"","overlay-gradient":""},"tablet":{"background-color":"var(--ast-global-color-5)","background-image":"","background-repeat":"repeat","background-position":"center center","background-size":"auto","background-attachment":"scroll","background-type":"","background-media":"","overlay-type":"","overlay-color":"","overlay-opacity":"","overlay-gradient":""},"mobile":{"background-color":"var(--ast-global-color-5)","background-image":"","background-repeat":"repeat","background-position":"center center","background-size":"auto","background-attachment":"scroll","background-type":"","background-media":"","overlay-type":"","overlay-color":"","overlay-opacity":"","overlay-gradient":""}},"footnotes":""},"categories":[5],"tags":[],"class_list":["post-1434","post","type-post","status-publish","format-gallery","has-post-thumbnail","hentry","category-encontros","post_format-post-format-gallery"],"yoast_head":"<!-- This site is optimized with the Yoast SEO plugin v26.8 - https:\/\/yoast.com\/product\/yoast-seo-wordpress\/ -->\n<title>8\u00ba Anivers\u00e1rio da USCQAL - USCQAL<\/title>\n<meta name=\"robots\" content=\"index, follow, max-snippet:-1, max-image-preview:large, max-video-preview:-1\" \/>\n<link rel=\"canonical\" href=\"https:\/\/ufcq.com.pt\/wp-usc\/2021\/01\/25\/1o-aniversario-da-uscqal\/\" \/>\n<meta property=\"og:locale\" content=\"pt_PT\" \/>\n<meta property=\"og:type\" content=\"article\" \/>\n<meta property=\"og:title\" content=\"8\u00ba Anivers\u00e1rio da USCQAL - USCQAL\" \/>\n<meta property=\"og:description\" content=\"Encontro online com depoimentos\/discuss\u00f5es dos presentes sobre a import\u00e2ncia da USCQAL e apresenta\u00e7\u00e3o de um v\u00eddeo com recorda\u00e7\u00f5es de algumas atividades de anos anteriores. O evento terminou com um brinde de parab\u00e9ns \u00e0 universidade.\" \/>\n<meta property=\"og:url\" content=\"https:\/\/ufcq.com.pt\/wp-usc\/2021\/01\/25\/1o-aniversario-da-uscqal\/\" \/>\n<meta property=\"og:site_name\" content=\"USCQAL\" \/>\n<meta property=\"article:published_time\" content=\"2021-01-25T23:39:00+00:00\" \/>\n<meta property=\"article:modified_time\" content=\"2021-02-07T23:43:36+00:00\" \/>\n<meta property=\"og:image\" content=\"https:\/\/ufcq.com.pt\/wp-usc\/wp-content\/uploads\/2021\/01\/WhatsApp-Image-2021-01-24-at-20.57.40.jpeg\" \/>\n\t<meta property=\"og:image:width\" content=\"748\" \/>\n\t<meta property=\"og:image:height\" content=\"1024\" \/>\n\t<meta property=\"og:image:type\" content=\"image\/jpeg\" \/>\n<meta name=\"author\" content=\"appear-uscqal\" \/>\n<meta name=\"twitter:card\" content=\"summary_large_image\" \/>\n<meta name=\"twitter:label1\" content=\"Escrito por\" \/>\n\t<meta name=\"twitter:data1\" content=\"appear-uscqal\" \/>\n\t<meta name=\"twitter:label2\" content=\"Tempo estimado de leitura\" \/>\n\t<meta name=\"twitter:data2\" content=\"1 minuto\" \/>\n<script type=\"application\/ld+json\" class=\"yoast-schema-graph\">{\"@context\":\"https:\/\/schema.org\",\"@graph\":[{\"@type\":\"Article\",\"@id\":\"https:\/\/ufcq.com.pt\/wp-usc\/2021\/01\/25\/1o-aniversario-da-uscqal\/#article\",\"isPartOf\":{\"@id\":\"https:\/\/ufcq.com.pt\/wp-usc\/2021\/01\/25\/1o-aniversario-da-uscqal\/\"},\"author\":{\"name\":\"appear-uscqal\",\"@id\":\"https:\/\/ufcq.com.pt\/wp-usc\/#\/schema\/person\/d1fe09376ebcdd2271d715e0bad10ae5\"},\"headline\":\"8\u00ba Anivers\u00e1rio da USCQAL\",\"datePublished\":\"2021-01-25T23:39:00+00:00\",\"dateModified\":\"2021-02-07T23:43:36+00:00\",\"mainEntityOfPage\":{\"@id\":\"https:\/\/ufcq.com.pt\/wp-usc\/2021\/01\/25\/1o-aniversario-da-uscqal\/\"},\"wordCount\":44,\"publisher\":{\"@id\":\"https:\/\/ufcq.com.pt\/wp-usc\/#organization\"},\"image\":{\"@id\":\"https:\/\/ufcq.com.pt\/wp-usc\/2021\/01\/25\/1o-aniversario-da-uscqal\/#primaryimage\"},\"thumbnailUrl\":\"https:\/\/ufcq.com.pt\/wp-usc\/wp-content\/uploads\/2021\/01\/WhatsApp-Image-2021-01-24-at-20.57.40.jpeg\",\"articleSection\":[\"Encontros\"],\"inLanguage\":\"pt-PT\"},{\"@type\":\"WebPage\",\"@id\":\"https:\/\/ufcq.com.pt\/wp-usc\/2021\/01\/25\/1o-aniversario-da-uscqal\/\",\"url\":\"https:\/\/ufcq.com.pt\/wp-usc\/2021\/01\/25\/1o-aniversario-da-uscqal\/\",\"name\":\"8\u00ba Anivers\u00e1rio da USCQAL - USCQAL\",\"isPartOf\":{\"@id\":\"https:\/\/ufcq.com.pt\/wp-usc\/#website\"},\"primaryImageOfPage\":{\"@id\":\"https:\/\/ufcq.com.pt\/wp-usc\/2021\/01\/25\/1o-aniversario-da-uscqal\/#primaryimage\"},\"image\":{\"@id\":\"https:\/\/ufcq.com.pt\/wp-usc\/2021\/01\/25\/1o-aniversario-da-uscqal\/#primaryimage\"},\"thumbnailUrl\":\"https:\/\/ufcq.com.pt\/wp-usc\/wp-content\/uploads\/2021\/01\/WhatsApp-Image-2021-01-24-at-20.57.40.jpeg\",\"datePublished\":\"2021-01-25T23:39:00+00:00\",\"dateModified\":\"2021-02-07T23:43:36+00:00\",\"breadcrumb\":{\"@id\":\"https:\/\/ufcq.com.pt\/wp-usc\/2021\/01\/25\/1o-aniversario-da-uscqal\/#breadcrumb\"},\"inLanguage\":\"pt-PT\",\"potentialAction\":[{\"@type\":\"ReadAction\",\"target\":[\"https:\/\/ufcq.com.pt\/wp-usc\/2021\/01\/25\/1o-aniversario-da-uscqal\/\"]}]},{\"@type\":\"ImageObject\",\"inLanguage\":\"pt-PT\",\"@id\":\"https:\/\/ufcq.com.pt\/wp-usc\/2021\/01\/25\/1o-aniversario-da-uscqal\/#primaryimage\",\"url\":\"https:\/\/ufcq.com.pt\/wp-usc\/wp-content\/uploads\/2021\/01\/WhatsApp-Image-2021-01-24-at-20.57.40.jpeg\",\"contentUrl\":\"https:\/\/ufcq.com.pt\/wp-usc\/wp-content\/uploads\/2021\/01\/WhatsApp-Image-2021-01-24-at-20.57.40.jpeg\",\"width\":748,\"height\":1024,\"caption\":\"Resumo \\\"OS NOSSOS FILMES\\\" - USCQAL-6\u00ba Anivers\u00e1rio (24-01-2019)\"},{\"@type\":\"BreadcrumbList\",\"@id\":\"https:\/\/ufcq.com.pt\/wp-usc\/2021\/01\/25\/1o-aniversario-da-uscqal\/#breadcrumb\",\"itemListElement\":[{\"@type\":\"ListItem\",\"position\":1,\"name\":\"In\u00edcio\",\"item\":\"https:\/\/ufcq.com.pt\/wp-usc\/\"},{\"@type\":\"ListItem\",\"position\":2,\"name\":\"8\u00ba Anivers\u00e1rio da USCQAL\"}]},{\"@type\":\"WebSite\",\"@id\":\"https:\/\/ufcq.com.pt\/wp-usc\/#website\",\"url\":\"https:\/\/ufcq.com.pt\/wp-usc\/\",\"name\":\"USCQAL\",\"description\":\"Universidade S&eacute;nior de Carnaxide e Queijas\",\"publisher\":{\"@id\":\"https:\/\/ufcq.com.pt\/wp-usc\/#organization\"},\"potentialAction\":[{\"@type\":\"SearchAction\",\"target\":{\"@type\":\"EntryPoint\",\"urlTemplate\":\"https:\/\/ufcq.com.pt\/wp-usc\/?s={search_term_string}\"},\"query-input\":{\"@type\":\"PropertyValueSpecification\",\"valueRequired\":true,\"valueName\":\"search_term_string\"}}],\"inLanguage\":\"pt-PT\"},{\"@type\":\"Organization\",\"@id\":\"https:\/\/ufcq.com.pt\/wp-usc\/#organization\",\"name\":\"USCQAL\",\"url\":\"https:\/\/ufcq.com.pt\/wp-usc\/\",\"logo\":{\"@type\":\"ImageObject\",\"inLanguage\":\"pt-PT\",\"@id\":\"https:\/\/ufcq.com.pt\/wp-usc\/#\/schema\/logo\/image\/\",\"url\":\"https:\/\/ufcq.com.pt\/wp-usc\/wp-content\/uploads\/2020\/08\/cropped-logo-site-uscqal-1-1.png\",\"contentUrl\":\"https:\/\/ufcq.com.pt\/wp-usc\/wp-content\/uploads\/2020\/08\/cropped-logo-site-uscqal-1-1.png\",\"width\":494,\"height\":110,\"caption\":\"USCQAL\"},\"image\":{\"@id\":\"https:\/\/ufcq.com.pt\/wp-usc\/#\/schema\/logo\/image\/\"}},{\"@type\":\"Person\",\"@id\":\"https:\/\/ufcq.com.pt\/wp-usc\/#\/schema\/person\/d1fe09376ebcdd2271d715e0bad10ae5\",\"name\":\"appear-uscqal\",\"image\":{\"@type\":\"ImageObject\",\"inLanguage\":\"pt-PT\",\"@id\":\"https:\/\/ufcq.com.pt\/wp-usc\/#\/schema\/person\/image\/\",\"url\":\"https:\/\/secure.gravatar.com\/avatar\/ea97d599176fbb076f7632730758b4b3?s=96&d=mm&r=g\",\"contentUrl\":\"https:\/\/secure.gravatar.com\/avatar\/ea97d599176fbb076f7632730758b4b3?s=96&d=mm&r=g\",\"caption\":\"appear-uscqal\"},\"sameAs\":[\"appear-uscqal\"],\"url\":\"https:\/\/ufcq.com.pt\/wp-usc\/author\/appear-uscqal\/\"}]}<\/script>\n<!-- \/ Yoast SEO plugin. -->","yoast_head_json":{"title":"8\u00ba Anivers\u00e1rio da USCQAL - USCQAL","robots":{"index":"index","follow":"follow","max-snippet":"max-snippet:-1","max-image-preview":"max-image-preview:large","max-video-preview":"max-video-preview:-1"},"canonical":"https:\/\/ufcq.com.pt\/wp-usc\/2021\/01\/25\/1o-aniversario-da-uscqal\/","og_locale":"pt_PT","og_type":"article","og_title":"8\u00ba Anivers\u00e1rio da USCQAL - USCQAL","og_description":"Encontro online com depoimentos\/discuss\u00f5es dos presentes sobre a import\u00e2ncia da USCQAL e apresenta\u00e7\u00e3o de um v\u00eddeo com recorda\u00e7\u00f5es de algumas atividades de anos anteriores. O evento terminou com um brinde de parab\u00e9ns \u00e0 universidade.","og_url":"https:\/\/ufcq.com.pt\/wp-usc\/2021\/01\/25\/1o-aniversario-da-uscqal\/","og_site_name":"USCQAL","article_published_time":"2021-01-25T23:39:00+00:00","article_modified_time":"2021-02-07T23:43:36+00:00","og_image":[{"width":748,"height":1024,"url":"https:\/\/ufcq.com.pt\/wp-usc\/wp-content\/uploads\/2021\/01\/WhatsApp-Image-2021-01-24-at-20.57.40.jpeg","type":"image\/jpeg"}],"author":"appear-uscqal","twitter_card":"summary_large_image","twitter_misc":{"Escrito por":"appear-uscqal","Tempo estimado de leitura":"1 minuto"},"schema":{"@context":"https:\/\/schema.org","@graph":[{"@type":"Article","@id":"https:\/\/ufcq.com.pt\/wp-usc\/2021\/01\/25\/1o-aniversario-da-uscqal\/#article","isPartOf":{"@id":"https:\/\/ufcq.com.pt\/wp-usc\/2021\/01\/25\/1o-aniversario-da-uscqal\/"},"author":{"name":"appear-uscqal","@id":"https:\/\/ufcq.com.pt\/wp-usc\/#\/schema\/person\/d1fe09376ebcdd2271d715e0bad10ae5"},"headline":"8\u00ba Anivers\u00e1rio da USCQAL","datePublished":"2021-01-25T23:39:00+00:00","dateModified":"2021-02-07T23:43:36+00:00","mainEntityOfPage":{"@id":"https:\/\/ufcq.com.pt\/wp-usc\/2021\/01\/25\/1o-aniversario-da-uscqal\/"},"wordCount":44,"publisher":{"@id":"https:\/\/ufcq.com.pt\/wp-usc\/#organization"},"image":{"@id":"https:\/\/ufcq.com.pt\/wp-usc\/2021\/01\/25\/1o-aniversario-da-uscqal\/#primaryimage"},"thumbnailUrl":"https:\/\/ufcq.com.pt\/wp-usc\/wp-content\/uploads\/2021\/01\/WhatsApp-Image-2021-01-24-at-20.57.40.jpeg","articleSection":["Encontros"],"inLanguage":"pt-PT"},{"@type":"WebPage","@id":"https:\/\/ufcq.com.pt\/wp-usc\/2021\/01\/25\/1o-aniversario-da-uscqal\/","url":"https:\/\/ufcq.com.pt\/wp-usc\/2021\/01\/25\/1o-aniversario-da-uscqal\/","name":"8\u00ba Anivers\u00e1rio da USCQAL - USCQAL","isPartOf":{"@id":"https:\/\/ufcq.com.pt\/wp-usc\/#website"},"primaryImageOfPage":{"@id":"https:\/\/ufcq.com.pt\/wp-usc\/2021\/01\/25\/1o-aniversario-da-uscqal\/#primaryimage"},"image":{"@id":"https:\/\/ufcq.com.pt\/wp-usc\/2021\/01\/25\/1o-aniversario-da-uscqal\/#primaryimage"},"thumbnailUrl":"https:\/\/ufcq.com.pt\/wp-usc\/wp-content\/uploads\/2021\/01\/WhatsApp-Image-2021-01-24-at-20.57.40.jpeg","datePublished":"2021-01-25T23:39:00+00:00","dateModified":"2021-02-07T23:43:36+00:00","breadcrumb":{"@id":"https:\/\/ufcq.com.pt\/wp-usc\/2021\/01\/25\/1o-aniversario-da-uscqal\/#breadcrumb"},"inLanguage":"pt-PT","potentialAction":[{"@type":"ReadAction","target":["https:\/\/ufcq.com.pt\/wp-usc\/2021\/01\/25\/1o-aniversario-da-uscqal\/"]}]},{"@type":"ImageObject","inLanguage":"pt-PT","@id":"https:\/\/ufcq.com.pt\/wp-usc\/2021\/01\/25\/1o-aniversario-da-uscqal\/#primaryimage","url":"https:\/\/ufcq.com.pt\/wp-usc\/wp-content\/uploads\/2021\/01\/WhatsApp-Image-2021-01-24-at-20.57.40.jpeg","contentUrl":"https:\/\/ufcq.com.pt\/wp-usc\/wp-content\/uploads\/2021\/01\/WhatsApp-Image-2021-01-24-at-20.57.40.jpeg","width":748,"height":1024,"caption":"Resumo \"OS NOSSOS FILMES\" - USCQAL-6\u00ba Anivers\u00e1rio (24-01-2019)"},{"@type":"BreadcrumbList","@id":"https:\/\/ufcq.com.pt\/wp-usc\/2021\/01\/25\/1o-aniversario-da-uscqal\/#breadcrumb","itemListElement":[{"@type":"ListItem","position":1,"name":"In\u00edcio","item":"https:\/\/ufcq.com.pt\/wp-usc\/"},{"@type":"ListItem","position":2,"name":"8\u00ba Anivers\u00e1rio da USCQAL"}]},{"@type":"WebSite","@id":"https:\/\/ufcq.com.pt\/wp-usc\/#website","url":"https:\/\/ufcq.com.pt\/wp-usc\/","name":"USCQAL","description":"Universidade S&eacute;nior de Carnaxide e Queijas","publisher":{"@id":"https:\/\/ufcq.com.pt\/wp-usc\/#organization"},"potentialAction":[{"@type":"SearchAction","target":{"@type":"EntryPoint","urlTemplate":"https:\/\/ufcq.com.pt\/wp-usc\/?s={search_term_string}"},"query-input":{"@type":"PropertyValueSpecification","valueRequired":true,"valueName":"search_term_string"}}],"inLanguage":"pt-PT"},{"@type":"Organization","@id":"https:\/\/ufcq.com.pt\/wp-usc\/#organization","name":"USCQAL","url":"https:\/\/ufcq.com.pt\/wp-usc\/","logo":{"@type":"ImageObject","inLanguage":"pt-PT","@id":"https:\/\/ufcq.com.pt\/wp-usc\/#\/schema\/logo\/image\/","url":"https:\/\/ufcq.com.pt\/wp-usc\/wp-content\/uploads\/2020\/08\/cropped-logo-site-uscqal-1-1.png","contentUrl":"https:\/\/ufcq.com.pt\/wp-usc\/wp-content\/uploads\/2020\/08\/cropped-logo-site-uscqal-1-1.png","width":494,"height":110,"caption":"USCQAL"},"image":{"@id":"https:\/\/ufcq.com.pt\/wp-usc\/#\/schema\/logo\/image\/"}},{"@type":"Person","@id":"https:\/\/ufcq.com.pt\/wp-usc\/#\/schema\/person\/d1fe09376ebcdd2271d715e0bad10ae5","name":"appear-uscqal","image":{"@type":"ImageObject","inLanguage":"pt-PT","@id":"https:\/\/ufcq.com.pt\/wp-usc\/#\/schema\/person\/image\/","url":"https:\/\/secure.gravatar.com\/avatar\/ea97d599176fbb076f7632730758b4b3?s=96&d=mm&r=g","contentUrl":"https:\/\/secure.gravatar.com\/avatar\/ea97d599176fbb076f7632730758b4b3?s=96&d=mm&r=g","caption":"appear-uscqal"},"sameAs":["appear-uscqal"],"url":"https:\/\/ufcq.com.pt\/wp-usc\/author\/appear-uscqal\/"}]}},"_links":{"self":[{"href":"https:\/\/ufcq.com.pt\/wp-usc\/wp-json\/wp\/v2\/posts\/1434","targetHints":{"allow":["GET"]}}],"collection":[{"href":"https:\/\/ufcq.com.pt\/wp-usc\/wp-json\/wp\/v2\/posts"}],"about":[{"href":"https:\/\/ufcq.com.pt\/wp-usc\/wp-json\/wp\/v2\/types\/post"}],"author":[{"embeddable":true,"href":"https:\/\/ufcq.com.pt\/wp-usc\/wp-json\/wp\/v2\/users\/1"}],"replies":[{"embeddable":true,"href":"https:\/\/ufcq.com.pt\/wp-usc\/wp-json\/wp\/v2\/comments?post=1434"}],"version-history":[{"count":0,"href":"https:\/\/ufcq.com.pt\/wp-usc\/wp-json\/wp\/v2\/posts\/1434\/revisions"}],"wp:featuredmedia":[{"embeddable":true,"href":"https:\/\/ufcq.com.pt\/wp-usc\/wp-json\/wp\/v2\/media\/1398"}],"wp:attachment":[{"href":"https:\/\/ufcq.com.pt\/wp-usc\/wp-json\/wp\/v2\/media?parent=1434"}],"wp:term":[{"taxonomy":"category","embeddable":true,"href":"https:\/\/ufcq.com.pt\/wp-usc\/wp-json\/wp\/v2\/categories?post=1434"},{"taxonomy":"post_tag","embeddable":true,"href":"https:\/\/ufcq.com.pt\/wp-usc\/wp-json\/wp\/v2\/tags?post=1434"}],"curies":[{"name":"wp","href":"https:\/\/api.w.org\/{rel}","templated":true}]}}